{"id":419,"date":"2023-01-19T12:03:58","date_gmt":"2023-01-19T11:03:58","guid":{"rendered":"https:\/\/www.garage-du-faubourg.fr\/blog\/?p=419"},"modified":"2023-01-19T12:03:58","modified_gmt":"2023-01-19T11:03:58","slug":"pourquoi-ma-pedale-de-frein-est-molle","status":"publish","type":"post","link":"https:\/\/www.garage-du-faubourg.fr\/blog\/pourquoi-ma-pedale-de-frein-est-molle\/","title":{"rendered":"Pourquoi ma p\u00e9dale de frein est molle\u00a0?"},"content":{"rendered":"\n<figure class=\"wp-block-image size-large\"><img loading=\"lazy\" decoding=\"async\" width=\"1024\" height=\"683\" src=\"https:\/\/www.garage-du-faubourg.fr\/blog\/wp-content\/uploads\/2023\/01\/benjamin-brunner-al01Ad0f_KI-unsplash-1024x683.jpg\" alt=\"\" class=\"wp-image-421\" srcset=\"https:\/\/www.garage-du-faubourg.fr\/blog\/wp-content\/uploads\/2023\/01\/benjamin-brunner-al01Ad0f_KI-unsplash-1024x683.jpg 1024w, https:\/\/www.garage-du-faubourg.fr\/blog\/wp-content\/uploads\/2023\/01\/benjamin-brunner-al01Ad0f_KI-unsplash-300x200.jpg 300w, https:\/\/www.garage-du-faubourg.fr\/blog\/wp-content\/uploads\/2023\/01\/benjamin-brunner-al01Ad0f_KI-unsplash-768x512.jpg 768w, https:\/\/www.garage-du-faubourg.fr\/blog\/wp-content\/uploads\/2023\/01\/benjamin-brunner-al01Ad0f_KI-unsplash-1536x1024.jpg 1536w, https:\/\/www.garage-du-faubourg.fr\/blog\/wp-content\/uploads\/2023\/01\/benjamin-brunner-al01Ad0f_KI-unsplash-1568x1045.jpg 1568w, https:\/\/www.garage-du-faubourg.fr\/blog\/wp-content\/uploads\/2023\/01\/benjamin-brunner-al01Ad0f_KI-unsplash.jpg 1920w\" sizes=\"auto, (max-width: 1024px) 100vw, 1024px\" \/><\/figure>\n\n\n\n<p>La p\u00e9dale de frein se situe au <strong>centre du p\u00e9dalier<\/strong> sur une voiture \u00e0 bo\u00eete manuelle et \u00e0 gauche pour une voiture \u00e0 bo\u00eete automatique.<\/p>\n\n\n\n<p>Cependant, il se peut qu\u2019elle ne fonctionne pas correctement, ce qui pourrait risquer ainsi de faire dysfonctionner tout le syst\u00e8me composant le freinage de votre voiture.<\/p>\n\n\n\n<p>C\u2019est le cas par exemple lorsque la p\u00e9dale de frein est molle, ce qui peut \u00eatre justifier par plusieurs raisons et doit \u00eatre r\u00e9parer par vous-m\u00eame ou bien par notre professionnel au sein de notre <a href=\"https:\/\/www.garage-du-faubourg.fr\/\">garage de Lille<\/a>.<\/p>\n\n\n\n<h2 class=\"wp-block-heading\" id=\"h-qu-est-ce-qu-une-pedale-de-frein-molle\">Qu\u2019est-ce-qu\u2019une p\u00e9dale de frein molle&nbsp;?<\/h2>\n\n\n\n<p>Lorsque vous appuyer sur la p\u00e9dale de frein, une <strong>pression<\/strong> est exerc\u00e9e sur la p\u00e9dale de frein et permet <strong>d\u2019entra\u00eener<\/strong> tout le syst\u00e8me composant le freinage de votre v\u00e9hicule.<\/p>\n\n\n\n<p>Cependant, il se peut que votre p\u00e9dale deviennent de plus en plus molle au fil des appuis r\u00e9p\u00e9t\u00e9s sur celle-ci.<\/p>\n\n\n\n<p>Vous remarquerez que c\u2019est le cas si votre p\u00e9dale <strong>s\u2019enfonce de plus en plus<\/strong> et qu\u2019elle va jusque toucher le plancher lorsque vous tenterez de freiner.<\/p>\n\n\n\n<p>Si vous \u00eates dans ce cas, vous remarquerez que la distance de freinage de votre v\u00e9hicule se <strong>rallonge<\/strong> voire m\u00eame que votre v\u00e9hicule est n\u2019est en<strong> \u00e9tat de pouvoir s\u2019arr\u00eater<\/strong>.<\/p>\n\n\n\n<h2 class=\"wp-block-heading\" id=\"h-pourquoi-la-pedale-de-frein-est-elle-molle\">Pourquoi la p\u00e9dale de frein est-elle molle&nbsp;?<\/h2>\n\n\n\n<p>Si vous avez votre p\u00e9dale de frein qui est molle, vous devrez identifier les raisons rapidement afin de ne pas vous retrouvez dans la situation dans laquelle votre v\u00e9hicule ne s\u2019arr\u00eate plus et devient dangereux.<\/p>\n\n\n\n<p>Vous pourrez pour ce faire, vous rapprochez de notre <a href=\"https:\/\/www.garage-du-faubourg.fr\/\">garage auto de Lille<\/a> afin de pouvoir<strong> r\u00e9parer \u00e0 moindre co\u00fbt<\/strong>.<\/p>\n\n\n\n<p>En effet, la panne de votre syst\u00e8me de freinage est g\u00e9n\u00e9ralement caus\u00e9e par la <strong>pr\u00e9sence de bulles d\u2019air<\/strong> \u00e0 l\u2019int\u00e9rieur du liquide de frein de votre v\u00e9hicule.<\/p>\n\n\n\n<p>La pression qui est exerc\u00e9e sur la p\u00e9dale de frein va, de ce fait, <strong>entra\u00eener la compression<\/strong> de toutes les bulles d\u2019air au sein du syst\u00e8me et donc un <strong>retard<\/strong> pour transmettre les informations de la p\u00e9dale jusqu\u2019aux roues du v\u00e9hicule.<\/p>\n\n\n\n<p>Le liquide de frein doit \u00eatre incompressible contrairement \u00e0 un liquide normal, qui lui sera compressible en pr\u00e9sence d\u2019une pression venant de l\u2019ext\u00e9rieur.<\/p>\n\n\n\n<p>Cela veut donc dire que le volume du liquide de frein <strong>ne doit \u00eatre modifier<\/strong> m\u00eame avec la pression de votre pied sur la p\u00e9dale de frein.<\/p>\n\n\n\n<p>L\u2019exposition du liquide de frein aux variations de temp\u00e9rature, que ce soit des temp\u00e9ratures chaudes ou froides, va lui permettre de devenir compressible.<\/p>\n\n\n\n<p>En effet, au fil du temps, de la vapeur va \u00eatre produite et va donc cr\u00e9er un <strong>ph\u00e9nom\u00e8ne d\u2019\u00e9bullition<\/strong> au sein du syst\u00e8me de liquide de frein.<\/p>\n\n\n\n<p>Il pourra donc, au fil des saisons, devenir compressible et ne plus jouer son r\u00f4le de freinage aussi efficacement que possible.<\/p>\n\n\n\n<h2 class=\"wp-block-heading\" id=\"h-quel-est-le-cout-pour-la-reparation-de-la-pedale-de-frein-molle\">Quel est le co\u00fbt pour la r\u00e9paration de la p\u00e9dale de frein molle&nbsp;?<\/h2>\n\n\n\n<p>Si vous remarquez que votre p\u00e9dale de frein devient molle, la r\u00e9paration pourra \u00e0 priori vous sembler complexe.<\/p>\n\n\n\n<p>Si vous n\u2019\u00eates pas \u00e0 l\u2019aise avec les r\u00e9paration sur votre v\u00e9hicule, <strong>notre garage Lillois<\/strong> peut effectuer vos r\u00e9parations pas cher.<\/p>\n\n\n\n<p>En g\u00e9n\u00e9ral, le co\u00fbt de ce genre de r\u00e9paration va se facturer aux alentours des 70 euros mais selon le type de syst\u00e8me de freinage et le mod\u00e8le de votre v\u00e9hicule, ce co\u00fbt <strong>peut varier \u00e0 la baisse ou \u00e0 la hausse.<\/strong><\/p>\n\n\n\n<h2 class=\"wp-block-heading\" id=\"h-comment-reparer-une-pedale-de-frein-molle\">Comment r\u00e9parer une p\u00e9dale de frein molle&nbsp;?<\/h2>\n\n\n\n<p>Afin de r\u00e9parer une p\u00e9dale de frein molle, vous avez plusieurs fa\u00e7ons de la r\u00e9parer, du plus co\u00fbteux au moins on\u00e9reux.<\/p>\n\n\n\n<p>Dans un premier temps, vous pouvez <strong>pomper le syst\u00e8me de freinage<\/strong> en appuyant plusieurs fois sur la p\u00e9dale de frein. Bien \u00e9videmment, cette solution n\u2019est qu\u2019une solution de r\u00e9paration temporaire.<\/p>\n\n\n\n<p>Si vous souhaitez r\u00e9gler le probl\u00e8me de p\u00e9dale de frein molle de fa\u00e7on d\u00e9finitive, il faut pour ce faire, effectuer une <strong>purge du liquide de frein.<\/strong><\/p>\n\n\n\n<p>Vous pouvez le faire vous-m\u00eame ou demander \u00e0 un professionnel comme <strong>garage-du-faubourg.fr<\/strong><\/p>\n\n\n\n<p>Si vous souhaitez le faire vous-m\u00eame, voici les \u00e9tapes \u00e0 r\u00e9aliser afin d\u2019effectuer une purge de liquide de frein.<\/p>\n\n\n\n<figure class=\"wp-block-image size-large\"><img loading=\"lazy\" decoding=\"async\" width=\"683\" height=\"1024\" src=\"https:\/\/www.garage-du-faubourg.fr\/blog\/wp-content\/uploads\/2023\/01\/maxime-agnelli-NM4YfueqpU0-unsplash-683x1024.jpg\" alt=\"\" class=\"wp-image-422\" srcset=\"https:\/\/www.garage-du-faubourg.fr\/blog\/wp-content\/uploads\/2023\/01\/maxime-agnelli-NM4YfueqpU0-unsplash-683x1024.jpg 683w, https:\/\/www.garage-du-faubourg.fr\/blog\/wp-content\/uploads\/2023\/01\/maxime-agnelli-NM4YfueqpU0-unsplash-200x300.jpg 200w, https:\/\/www.garage-du-faubourg.fr\/blog\/wp-content\/uploads\/2023\/01\/maxime-agnelli-NM4YfueqpU0-unsplash-768x1152.jpg 768w, https:\/\/www.garage-du-faubourg.fr\/blog\/wp-content\/uploads\/2023\/01\/maxime-agnelli-NM4YfueqpU0-unsplash-1024x1536.jpg 1024w, https:\/\/www.garage-du-faubourg.fr\/blog\/wp-content\/uploads\/2023\/01\/maxime-agnelli-NM4YfueqpU0-unsplash-1365x2048.jpg 1365w, https:\/\/www.garage-du-faubourg.fr\/blog\/wp-content\/uploads\/2023\/01\/maxime-agnelli-NM4YfueqpU0-unsplash-1568x2352.jpg 1568w, https:\/\/www.garage-du-faubourg.fr\/blog\/wp-content\/uploads\/2023\/01\/maxime-agnelli-NM4YfueqpU0-unsplash-scaled.jpg 1707w\" sizes=\"auto, (max-width: 683px) 100vw, 683px\" \/><\/figure>\n\n\n\n<h3 class=\"wp-block-heading\" id=\"h-preparer-votre-vehicule-a-la-purge-de-liquide-de-frein\">Pr\u00e9parer votre v\u00e9hicule \u00e0 la purge de liquide de frein<\/h3>\n\n\n\n<p>Afin de pr\u00e9parer au mieux une purge de liquide de frein, vous devrez dans un premier temps <strong>acc\u00e9der aux vis de purge<\/strong> qui se situent derri\u00e8re les roues de votre v\u00e9hicule.<\/p>\n\n\n\n<p>Pour pouvoir y acc\u00e9der, vous devrez soit enlever la roue de votre v\u00e9hicule, soit braquer compl\u00e8tement le volant du c\u00f4t\u00e9 que vous souhaitez acc\u00e9der aux vis.<\/p>\n\n\n\n<p>Dans un deuxi\u00e8me temps, vous devrez <strong>identifier l\u2019emplacement du r\u00e9servoir du liquide de frein<\/strong> de votre v\u00e9hicule afin de pouvoir le remplir.<\/p>\n\n\n\n<p>Si vous remarquez que le liquide de frein d\u00e9j\u00e0 pr\u00e9sent dans le bocal de liquide de frein est usag\u00e9, le mieux est de le <strong>remplacer<\/strong> compl\u00e8tement tout en se basant sur les recommandations du constructeur afin de choisir le bon liquide de frein.<\/p>\n\n\n\n<h3 class=\"wp-block-heading\" id=\"h-purger-les-freins-de-votre-vehicule\">Purger les freins de votre v\u00e9hicule<\/h3>\n\n\n\n<p>\u00c0 cette \u00e9tape, la purge des freins sur votre v\u00e9hicule se fait g\u00e9n\u00e9ralement dans un ordre bien pr\u00e9cis.<\/p>\n\n\n\n<p>En effet, g\u00e9n\u00e9ralement, vous devrez commencer \u00e0 purger en premier lieu les roues arri\u00e8res gauche et droite puis les roues qui se situent \u00e0 l\u2019avant.<\/p>\n\n\n\n<p>Si vous avez en votre possession d\u2019un <strong>purgeur de frein<\/strong>, vous pourrez purger les freins seul.<\/p>\n\n\n\n<p>Si vous n\u2019en avez pas, il faudra l\u2019aide d\u2019une deuxi\u00e8me personne afin de pouvoir r\u00e9aliser la purge.<\/p>\n\n\n\n<h3 class=\"wp-block-heading\" id=\"h-verifier-que-le-systeme-de-freinage-fonctionne-correctement\">V\u00e9rifier que le syst\u00e8me de freinage fonctionne correctement<\/h3>\n\n\n\n<p>Apr\u00e8s avoir r\u00e9aliser la purge et avant de remonter les roues de votre v\u00e9hicule, vous devrez effectuer une purge jusqu\u2019\u00e0 que la couleur de votre liquide de frein soit claire.<\/p>\n\n\n\n<p>Si, de plus, vous remarquez que vous n\u2019avez plus de bulles d\u2019air dans votre syst\u00e8me de freinage, vous pourrez alors enlever le tuyau, le vider du liquide de frein restant et serrer \u00e0 nouveau la vis de liquide de frein.<\/p>\n\n\n\n<p>Si vous avez d\u00e9monter les roues, vous pourrez les <strong>remonter<\/strong>.<\/p>\n\n\n\n<p>Vous devrez faire cette v\u00e9rification sur l\u2019ensemble des roues de votre v\u00e9hicule afin de v\u00e9rifier qu\u2019aucune bulle d\u2019air ne soient coinc\u00e9s dans votre syst\u00e8me de freinage.<\/p>\n\n\n\n<p>D\u00e8s lors que vous avez termin\u00e9, vous devrez <strong>appuyer plusieurs fois sur la p\u00e9dale de frein<\/strong> afin de mettre en route le syst\u00e8me de freinage et de v\u00e9rifier que la p\u00e9dale de frein n\u2019est plus molle<\/p>\n","protected":false},"excerpt":{"rendered":"<p>La p\u00e9dale de frein se situe au centre du p\u00e9dalier sur une voiture \u00e0 bo\u00eete manuelle et \u00e0 gauche pour une voiture \u00e0 bo\u00eete automatique. Cependant, il se peut qu\u2019elle ne fonctionne pas correctement, ce qui pourrait risquer ainsi de faire dysfonctionner tout le syst\u00e8me composant le freinage de votre voiture. C\u2019est le cas par&hellip; <a class=\"more-link\" href=\"https:\/\/www.garage-du-faubourg.fr\/blog\/pourquoi-ma-pedale-de-frein-est-molle\/\">Poursuivre la lecture <span class=\"screen-reader-text\">Pourquoi ma p\u00e9dale de frein est molle\u00a0?<\/span><\/a><\/p>\n","protected":false},"author":2,"featured_media":0,"comment_status":"open","ping_status":"open","sticky":false,"template":"","format":"standard","meta":{"footnotes":""},"categories":[27],"tags":[58,5],"class_list":["post-419","post","type-post","status-publish","format-standard","hentry","category-freins","tag-freins-2","tag-garage-du-faubourg","entry"],"yoast_head":"<!-- This site is optimized with the Yoast SEO Premium plugin v18.1 (Yoast SEO v20.10) - https:\/\/yoast.com\/wordpress\/plugins\/seo\/ -->\n<title>Pourquoi ma p\u00e9dale de frein est molle\u00a0? - Garage du Faubourg - Le blog<\/title>\n<meta name=\"robots\" content=\"index, follow, max-snippet:-1, max-image-preview:large, max-video-preview:-1\" \/>\n<link rel=\"canonical\" href=\"https:\/\/www.garage-du-faubourg.fr\/blog\/pourquoi-ma-pedale-de-frein-est-molle\/\" \/>\n<meta property=\"og:locale\" content=\"fr_FR\" \/>\n<meta property=\"og:type\" content=\"article\" \/>\n<meta property=\"og:title\" content=\"Pourquoi ma p\u00e9dale de frein est molle\u00a0?\" \/>\n<meta property=\"og:description\" content=\"La p\u00e9dale de frein se situe au centre du p\u00e9dalier sur une voiture \u00e0 bo\u00eete manuelle et \u00e0 gauche pour une voiture \u00e0 bo\u00eete automatique. Cependant, il se peut qu\u2019elle ne fonctionne pas correctement, ce qui pourrait risquer ainsi de faire dysfonctionner tout le syst\u00e8me composant le freinage de votre voiture. C\u2019est le cas par&hellip; Poursuivre la lecture Pourquoi ma p\u00e9dale de frein est molle\u00a0?\" \/>\n<meta property=\"og:url\" content=\"https:\/\/www.garage-du-faubourg.fr\/blog\/pourquoi-ma-pedale-de-frein-est-molle\/\" \/>\n<meta property=\"og:site_name\" content=\"Garage du Faubourg - Le blog\" \/>\n<meta property=\"article:published_time\" content=\"2023-01-19T11:03:58+00:00\" \/>\n<meta property=\"og:image\" content=\"https:\/\/www.garage-du-faubourg.fr\/blog\/wp-content\/uploads\/2023\/01\/benjamin-brunner-al01Ad0f_KI-unsplash-1024x683.jpg\" \/>\n<meta name=\"author\" content=\"Jordan\" \/>\n<meta name=\"twitter:card\" content=\"summary_large_image\" \/>\n<meta name=\"twitter:label1\" content=\"\u00c9crit par\" \/>\n\t<meta name=\"twitter:data1\" content=\"Jordan\" \/>\n\t<meta name=\"twitter:label2\" content=\"Dur\u00e9e de lecture estim\u00e9e\" \/>\n\t<meta name=\"twitter:data2\" content=\"6 minutes\" \/>\n<script type=\"application\/ld+json\" class=\"yoast-schema-graph\">{\"@context\":\"https:\/\/schema.org\",\"@graph\":[{\"@type\":\"WebPage\",\"@id\":\"https:\/\/www.garage-du-faubourg.fr\/blog\/pourquoi-ma-pedale-de-frein-est-molle\/\",\"url\":\"https:\/\/www.garage-du-faubourg.fr\/blog\/pourquoi-ma-pedale-de-frein-est-molle\/\",\"name\":\"Pourquoi ma p\u00e9dale de frein est molle\u00a0? - Garage du Faubourg - Le blog\",\"isPartOf\":{\"@id\":\"https:\/\/www.garage-du-faubourg.fr\/blog\/#website\"},\"datePublished\":\"2023-01-19T11:03:58+00:00\",\"dateModified\":\"2023-01-19T11:03:58+00:00\",\"author\":{\"@id\":\"https:\/\/www.garage-du-faubourg.fr\/blog\/#\/schema\/person\/ee13d58c166c4d889bcb00a34d3b8287\"},\"breadcrumb\":{\"@id\":\"https:\/\/www.garage-du-faubourg.fr\/blog\/pourquoi-ma-pedale-de-frein-est-molle\/#breadcrumb\"},\"inLanguage\":\"fr-FR\",\"potentialAction\":[{\"@type\":\"ReadAction\",\"target\":[\"https:\/\/www.garage-du-faubourg.fr\/blog\/pourquoi-ma-pedale-de-frein-est-molle\/\"]}]},{\"@type\":\"BreadcrumbList\",\"@id\":\"https:\/\/www.garage-du-faubourg.fr\/blog\/pourquoi-ma-pedale-de-frein-est-molle\/#breadcrumb\",\"itemListElement\":[{\"@type\":\"ListItem\",\"position\":1,\"name\":\"Accueil\",\"item\":\"https:\/\/www.garage-du-faubourg.fr\/blog\/\"},{\"@type\":\"ListItem\",\"position\":2,\"name\":\"Pourquoi ma p\u00e9dale de frein est molle\u00a0?\"}]},{\"@type\":\"WebSite\",\"@id\":\"https:\/\/www.garage-du-faubourg.fr\/blog\/#website\",\"url\":\"https:\/\/www.garage-du-faubourg.fr\/blog\/\",\"name\":\"Garage du Faubourg - Le blog\",\"description\":\"Vos r\u00e9parations au meilleur prix !\",\"potentialAction\":[{\"@type\":\"SearchAction\",\"target\":{\"@type\":\"EntryPoint\",\"urlTemplate\":\"https:\/\/www.garage-du-faubourg.fr\/blog\/?s={search_term_string}\"},\"query-input\":\"required name=search_term_string\"}],\"inLanguage\":\"fr-FR\"},{\"@type\":\"Person\",\"@id\":\"https:\/\/www.garage-du-faubourg.fr\/blog\/#\/schema\/person\/ee13d58c166c4d889bcb00a34d3b8287\",\"name\":\"Jordan\",\"image\":{\"@type\":\"ImageObject\",\"inLanguage\":\"fr-FR\",\"@id\":\"https:\/\/www.garage-du-faubourg.fr\/blog\/#\/schema\/person\/image\/\",\"url\":\"https:\/\/secure.gravatar.com\/avatar\/2467b3a0ac2a03383250636b05c917e0733558841f882c9a58e7b199ac69d370?s=96&d=mm&r=g\",\"contentUrl\":\"https:\/\/secure.gravatar.com\/avatar\/2467b3a0ac2a03383250636b05c917e0733558841f882c9a58e7b199ac69d370?s=96&d=mm&r=g\",\"caption\":\"Jordan\"},\"url\":\"https:\/\/www.garage-du-faubourg.fr\/blog\/author\/jordan\/\"}]}<\/script>\n<!-- \/ Yoast SEO Premium plugin. -->","yoast_head_json":{"title":"Pourquoi ma p\u00e9dale de frein est molle\u00a0? - Garage du Faubourg - Le blog","robots":{"index":"index","follow":"follow","max-snippet":"max-snippet:-1","max-image-preview":"max-image-preview:large","max-video-preview":"max-video-preview:-1"},"canonical":"https:\/\/www.garage-du-faubourg.fr\/blog\/pourquoi-ma-pedale-de-frein-est-molle\/","og_locale":"fr_FR","og_type":"article","og_title":"Pourquoi ma p\u00e9dale de frein est molle\u00a0?","og_description":"La p\u00e9dale de frein se situe au centre du p\u00e9dalier sur une voiture \u00e0 bo\u00eete manuelle et \u00e0 gauche pour une voiture \u00e0 bo\u00eete automatique. Cependant, il se peut qu\u2019elle ne fonctionne pas correctement, ce qui pourrait risquer ainsi de faire dysfonctionner tout le syst\u00e8me composant le freinage de votre voiture. C\u2019est le cas par&hellip; Poursuivre la lecture Pourquoi ma p\u00e9dale de frein est molle\u00a0?","og_url":"https:\/\/www.garage-du-faubourg.fr\/blog\/pourquoi-ma-pedale-de-frein-est-molle\/","og_site_name":"Garage du Faubourg - Le blog","article_published_time":"2023-01-19T11:03:58+00:00","og_image":[{"url":"https:\/\/www.garage-du-faubourg.fr\/blog\/wp-content\/uploads\/2023\/01\/benjamin-brunner-al01Ad0f_KI-unsplash-1024x683.jpg"}],"author":"Jordan","twitter_card":"summary_large_image","twitter_misc":{"\u00c9crit par":"Jordan","Dur\u00e9e de lecture estim\u00e9e":"6 minutes"},"schema":{"@context":"https:\/\/schema.org","@graph":[{"@type":"WebPage","@id":"https:\/\/www.garage-du-faubourg.fr\/blog\/pourquoi-ma-pedale-de-frein-est-molle\/","url":"https:\/\/www.garage-du-faubourg.fr\/blog\/pourquoi-ma-pedale-de-frein-est-molle\/","name":"Pourquoi ma p\u00e9dale de frein est molle\u00a0? - Garage du Faubourg - Le blog","isPartOf":{"@id":"https:\/\/www.garage-du-faubourg.fr\/blog\/#website"},"datePublished":"2023-01-19T11:03:58+00:00","dateModified":"2023-01-19T11:03:58+00:00","author":{"@id":"https:\/\/www.garage-du-faubourg.fr\/blog\/#\/schema\/person\/ee13d58c166c4d889bcb00a34d3b8287"},"breadcrumb":{"@id":"https:\/\/www.garage-du-faubourg.fr\/blog\/pourquoi-ma-pedale-de-frein-est-molle\/#breadcrumb"},"inLanguage":"fr-FR","potentialAction":[{"@type":"ReadAction","target":["https:\/\/www.garage-du-faubourg.fr\/blog\/pourquoi-ma-pedale-de-frein-est-molle\/"]}]},{"@type":"BreadcrumbList","@id":"https:\/\/www.garage-du-faubourg.fr\/blog\/pourquoi-ma-pedale-de-frein-est-molle\/#breadcrumb","itemListElement":[{"@type":"ListItem","position":1,"name":"Accueil","item":"https:\/\/www.garage-du-faubourg.fr\/blog\/"},{"@type":"ListItem","position":2,"name":"Pourquoi ma p\u00e9dale de frein est molle\u00a0?"}]},{"@type":"WebSite","@id":"https:\/\/www.garage-du-faubourg.fr\/blog\/#website","url":"https:\/\/www.garage-du-faubourg.fr\/blog\/","name":"Garage du Faubourg - Le blog","description":"Vos r\u00e9parations au meilleur prix !","potentialAction":[{"@type":"SearchAction","target":{"@type":"EntryPoint","urlTemplate":"https:\/\/www.garage-du-faubourg.fr\/blog\/?s={search_term_string}"},"query-input":"required name=search_term_string"}],"inLanguage":"fr-FR"},{"@type":"Person","@id":"https:\/\/www.garage-du-faubourg.fr\/blog\/#\/schema\/person\/ee13d58c166c4d889bcb00a34d3b8287","name":"Jordan","image":{"@type":"ImageObject","inLanguage":"fr-FR","@id":"https:\/\/www.garage-du-faubourg.fr\/blog\/#\/schema\/person\/image\/","url":"https:\/\/secure.gravatar.com\/avatar\/2467b3a0ac2a03383250636b05c917e0733558841f882c9a58e7b199ac69d370?s=96&d=mm&r=g","contentUrl":"https:\/\/secure.gravatar.com\/avatar\/2467b3a0ac2a03383250636b05c917e0733558841f882c9a58e7b199ac69d370?s=96&d=mm&r=g","caption":"Jordan"},"url":"https:\/\/www.garage-du-faubourg.fr\/blog\/author\/jordan\/"}]}},"_links":{"self":[{"href":"https:\/\/www.garage-du-faubourg.fr\/blog\/wp-json\/wp\/v2\/posts\/419","targetHints":{"allow":["GET"]}}],"collection":[{"href":"https:\/\/www.garage-du-faubourg.fr\/blog\/wp-json\/wp\/v2\/posts"}],"about":[{"href":"https:\/\/www.garage-du-faubourg.fr\/blog\/wp-json\/wp\/v2\/types\/post"}],"author":[{"embeddable":true,"href":"https:\/\/www.garage-du-faubourg.fr\/blog\/wp-json\/wp\/v2\/users\/2"}],"replies":[{"embeddable":true,"href":"https:\/\/www.garage-du-faubourg.fr\/blog\/wp-json\/wp\/v2\/comments?post=419"}],"version-history":[{"count":1,"href":"https:\/\/www.garage-du-faubourg.fr\/blog\/wp-json\/wp\/v2\/posts\/419\/revisions"}],"predecessor-version":[{"id":423,"href":"https:\/\/www.garage-du-faubourg.fr\/blog\/wp-json\/wp\/v2\/posts\/419\/revisions\/423"}],"wp:attachment":[{"href":"https:\/\/www.garage-du-faubourg.fr\/blog\/wp-json\/wp\/v2\/media?parent=419"}],"wp:term":[{"taxonomy":"category","embeddable":true,"href":"https:\/\/www.garage-du-faubourg.fr\/blog\/wp-json\/wp\/v2\/categories?post=419"},{"taxonomy":"post_tag","embeddable":true,"href":"https:\/\/www.garage-du-faubourg.fr\/blog\/wp-json\/wp\/v2\/tags?post=419"}],"curies":[{"name":"wp","href":"https:\/\/api.w.org\/{rel}","templated":true}]}}