{"id":403,"date":"2022-12-28T12:13:56","date_gmt":"2022-12-28T11:13:56","guid":{"rendered":"https:\/\/www.garage-du-faubourg.fr\/blog\/?p=403"},"modified":"2022-12-28T12:13:57","modified_gmt":"2022-12-28T11:13:57","slug":"la-valise-de-diagnostic","status":"publish","type":"post","link":"https:\/\/www.garage-du-faubourg.fr\/blog\/la-valise-de-diagnostic\/","title":{"rendered":"La valise de diagnostic"},"content":{"rendered":"\n<figure class=\"wp-block-image size-large\"><img loading=\"lazy\" decoding=\"async\" width=\"684\" height=\"1024\" src=\"https:\/\/www.garage-du-faubourg.fr\/blog\/wp-content\/uploads\/2022\/12\/c-joyful-heFTscwGDCA-unsplash-684x1024.jpg\" alt=\"\" class=\"wp-image-405\" srcset=\"https:\/\/www.garage-du-faubourg.fr\/blog\/wp-content\/uploads\/2022\/12\/c-joyful-heFTscwGDCA-unsplash-684x1024.jpg 684w, https:\/\/www.garage-du-faubourg.fr\/blog\/wp-content\/uploads\/2022\/12\/c-joyful-heFTscwGDCA-unsplash-200x300.jpg 200w, https:\/\/www.garage-du-faubourg.fr\/blog\/wp-content\/uploads\/2022\/12\/c-joyful-heFTscwGDCA-unsplash-768x1150.jpg 768w, https:\/\/www.garage-du-faubourg.fr\/blog\/wp-content\/uploads\/2022\/12\/c-joyful-heFTscwGDCA-unsplash-1025x1536.jpg 1025w, https:\/\/www.garage-du-faubourg.fr\/blog\/wp-content\/uploads\/2022\/12\/c-joyful-heFTscwGDCA-unsplash-1367x2048.jpg 1367w, https:\/\/www.garage-du-faubourg.fr\/blog\/wp-content\/uploads\/2022\/12\/c-joyful-heFTscwGDCA-unsplash-1568x2349.jpg 1568w, https:\/\/www.garage-du-faubourg.fr\/blog\/wp-content\/uploads\/2022\/12\/c-joyful-heFTscwGDCA-unsplash-scaled.jpg 1709w\" sizes=\"auto, (max-width: 684px) 100vw, 684px\" \/><\/figure>\n\n\n\n<p>La valise de diagnostic permet g\u00e9n\u00e9ralement de d<strong>\u00e9tecter des probl\u00e8mes \u00e9lectroniques<\/strong> sur votre v\u00e9hicule lors de l\u2019entretien ou la r\u00e9paration de celui-ci.<\/p>\n\n\n\n<p>Vous pouvez \u00e9galement l\u2019utiliser afin de <strong>reprogrammer le moteur <\/strong>de votre v\u00e9hicule ou bien pour contr\u00f4ler que votre v\u00e9hicule n\u2019a pas de soucis particulier.<\/p>\n\n\n\n<h2 class=\"wp-block-heading\" id=\"h-quand-utilise-t-on-une-valise-de-diagnostic\">Quand utilise t-on une valise de diagnostic&nbsp;?<\/h2>\n\n\n\n<p>De plus en plus de constructeurs int\u00e8grent des pi\u00e8ces \u00e9lectroniques dans leurs v\u00e9hicules lors de la fabrication. Dans ce cas, il est de plus en plus difficile de d\u00e9tecter de futurs probl\u00e8mes sur celui-ci en raison de la complexit\u00e9 des syst\u00e8mes embarqu\u00e9s, c\u2019est pour cela que la valise de diagnostic est de plus en plus utile dans ces cas pr\u00e9cis.<\/p>\n\n\n\n<p>Vous pouvez \u00e9galement utiliser les valises de diagnostic dans d\u2019autres cas et dans diff\u00e9rentes occasions comme par exemple lorsque vous achetez une voiture afin de contr\u00f4ler les vices cach\u00e9s ou avant un contr\u00f4le technique.<\/p>\n\n\n\n<h2 class=\"wp-block-heading\" id=\"h-quel-est-le-champ-d-action-de-la-valise-de-diagnostic\">Quel est le champ d\u2019action de la valise de diagnostic&nbsp;?<\/h2>\n\n\n\n<p>Les valises de diagnostic permettent de <strong>d\u00e9tecter n\u2019importe quel panne<\/strong> sur le v\u00e9hicule et de localiser la source du probl\u00e8me afin de ne pas avoir \u00e0 d\u00e9monter toute votre voiture au moment de la r\u00e9paration.<\/p>\n\n\n\n<p>Cela permet un <strong>gain de temps et un gain d\u2019argent<\/strong> non n\u00e9gligeable et de plus en plus de conducteur se procurent la valise afin de pouvoir r\u00e9parer les pannes.<\/p>\n\n\n\n<h2 class=\"wp-block-heading\" id=\"h-quel-est-l-interet-de-la-valise-de-diagnostic\">Quel est l\u2019int\u00e9r\u00eat de la valise de diagnostic&nbsp;?<\/h2>\n\n\n\n<p>Lorsque vous achetez un v\u00e9hicule, vous ne souhaitez pas que celui-ci tombe en panne r\u00e9guli\u00e8rement ou bien m\u00eame peu de temps apr\u00e8s l\u2019achat.<\/p>\n\n\n\n<p>Avec la valise de diagnostic, cela vous permettra de <strong>suivre en temps r\u00e9el l\u2019\u00e9volution et l\u2019usure<\/strong> de certaines des pi\u00e8ces de votre v\u00e9hicule comme les syst\u00e8mes de freinage, le moteur ou bien m\u00eame le syst\u00e8me de transmission de votre v\u00e9hicule.<\/p>\n\n\n\n<p>La valise vous permets de rechercher et de scanner tout vos composants afin de <strong>d\u00e9tecter une panne ou une anomalie<\/strong>. Vous pourrez de ce fait, remplacer la ou les pi\u00e8ces qui font d\u00e9faut et prendre soin de votre v\u00e9hicule.<\/p>\n\n\n\n<p>Celui-ci pourra durer dans le temps et vous permettra d\u2019\u00e9conomiser des frais impr\u00e9vus sur celui-ci.<\/p>\n\n\n\n<h2 class=\"wp-block-heading\" id=\"h-comment-utiliser-la-valise-de-diagnostic\">Comment utiliser la valise de diagnostic&nbsp;?<\/h2>\n\n\n\n<h3 class=\"wp-block-heading\" id=\"h-si-vous-etes-en-possession-d-une-valise\">Si vous \u00eates en possession d\u2019une valise<\/h3>\n\n\n\n<p>Si vous \u00eates en possession d\u2019une valise, branchez celui-ci sur la prise de diagnostic ( <a href=\"https:\/\/www.garage-du-faubourg.fr\/blog\/la-prise-obd-et-son-fonctionnement\/\">la prise OBD<\/a>) de votre v\u00e9hicule.<\/p>\n\n\n\n<p>Celle-ci se situe <strong>dans l\u2019habitacle de votre voiture<\/strong> et est situ\u00e9 \u00e0 diff\u00e9rents endroits en fonction du constructeur ayant fabriqu\u00e9 le v\u00e9hicule.<\/p>\n\n\n\n<p>Allumez la valise et d\u00e9marrez votre v\u00e9hicule afin de pouvoir d\u00e9buter une recherche de la panne. Au bout de quelques minutes, celui-ci vous donnera son analyse et la source du probl\u00e8me. Celui-ci appara\u00eetra sous forme de code de d\u00e9faut ou code erreur et vous donnera les d\u00e9tails de la panne de votre voiture.<\/p>\n\n\n\n<h3 class=\"wp-block-heading\" id=\"h-si-vous-utilisez-un-logiciel-ou-application-de-diagnostic\">Si vous utilisez un logiciel ou application de diagnostic<\/h3>\n\n\n\n<p>Si vous utilisez un logiciel ou une application, branchez le boitier de diagnostic sur <a href=\"https:\/\/www.garage-du-faubourg.fr\/blog\/la-prise-obd-et-son-fonctionnement\/\">la prise OBD<\/a> de votre voiture et reliez le \u00e0 un ordinateur ou \u00e0 votre smartphone dans le cas de l\u2019application.<\/p>\n\n\n\n<p>L\u2019analyse se fera de la m\u00eame fa\u00e7on que la valise (allumez votre v\u00e9hicule afin de d\u00e9marrer la recherche. Vous aurez alors le d\u00e9tail de la panne de votre voiture et vous pourrez alors commencer les r\u00e9parations.<\/p>\n\n\n\n<h2 class=\"wp-block-heading\" id=\"h-combien-coute-ce-genre-d-appareils\">Combien co\u00fbte ce genre d\u2019appareils&nbsp;?<\/h2>\n\n\n\n<p>Le prix des valises de diagnostic va varier en fonction de vos pr\u00e9f\u00e9rences. Si vous souhaitez vous positionner sur de l\u2019entr\u00e9e de gamme, sans logiciel, la valise commencera <strong>aux alentours des 20 euros<\/strong>.<\/p>\n\n\n\n<p>Il existe \u00e9galement des bo\u00eetiers de diagnostic qui eux seront plus complets et qui vous permettront d\u2019avoir plus d\u00e9tails sur vos pannes et cela seront aux alentours des 60 voir 120 euros.<\/p>\n\n\n\n<p>Si vous souhaitez vous placer sur les valises hauts de gamme, il en existe \u00e0 <strong>plus de 1000 euros <\/strong>pour certaines et auront beaucoup plus de fonctionnalit\u00e9s, parfois inutiles pour un particulier.<\/p>\n\n\n\n<p>Si vous souhaitez vous en procurer une, il n\u2019est pas n\u00e9cessaire de mettre un tel prix afin d\u2019avoir ce qu\u2019il vous faut pour prendre soin de votre v\u00e9hicule.<\/p>\n","protected":false},"excerpt":{"rendered":"<p>La valise de diagnostic permet g\u00e9n\u00e9ralement de d\u00e9tecter des probl\u00e8mes \u00e9lectroniques sur votre v\u00e9hicule lors de l\u2019entretien ou la r\u00e9paration de celui-ci. Vous pouvez \u00e9galement l\u2019utiliser afin de reprogrammer le moteur de votre v\u00e9hicule ou bien pour contr\u00f4ler que votre v\u00e9hicule n\u2019a pas de soucis particulier. Quand utilise t-on une valise de diagnostic&nbsp;? De plus&hellip; <a class=\"more-link\" href=\"https:\/\/www.garage-du-faubourg.fr\/blog\/la-valise-de-diagnostic\/\">Poursuivre la lecture <span class=\"screen-reader-text\">La valise de diagnostic<\/span><\/a><\/p>\n","protected":false},"author":2,"featured_media":0,"comment_status":"open","ping_status":"open","sticky":false,"template":"","format":"standard","meta":{"footnotes":""},"categories":[39],"tags":[139],"class_list":["post-403","post","type-post","status-publish","format-standard","hentry","category-revision-de-mon-vehicule","tag-entretien","entry"],"yoast_head":"<!-- This site is optimized with the Yoast SEO Premium plugin v18.1 (Yoast SEO v20.10) - https:\/\/yoast.com\/wordpress\/plugins\/seo\/ -->\n<title>La valise de diagnostic - Garage du Faubourg - Le blog<\/title>\n<meta name=\"robots\" content=\"index, follow, max-snippet:-1, max-image-preview:large, max-video-preview:-1\" \/>\n<link rel=\"canonical\" href=\"https:\/\/www.garage-du-faubourg.fr\/blog\/la-valise-de-diagnostic\/\" \/>\n<meta property=\"og:locale\" content=\"fr_FR\" \/>\n<meta property=\"og:type\" content=\"article\" \/>\n<meta property=\"og:title\" content=\"La valise de diagnostic\" \/>\n<meta property=\"og:description\" content=\"La valise de diagnostic permet g\u00e9n\u00e9ralement de d\u00e9tecter des probl\u00e8mes \u00e9lectroniques sur votre v\u00e9hicule lors de l\u2019entretien ou la r\u00e9paration de celui-ci. Vous pouvez \u00e9galement l\u2019utiliser afin de reprogrammer le moteur de votre v\u00e9hicule ou bien pour contr\u00f4ler que votre v\u00e9hicule n\u2019a pas de soucis particulier. Quand utilise t-on une valise de diagnostic&nbsp;? De plus&hellip; Poursuivre la lecture La valise de diagnostic\" \/>\n<meta property=\"og:url\" content=\"https:\/\/www.garage-du-faubourg.fr\/blog\/la-valise-de-diagnostic\/\" \/>\n<meta property=\"og:site_name\" content=\"Garage du Faubourg - Le blog\" \/>\n<meta property=\"article:published_time\" content=\"2022-12-28T11:13:56+00:00\" \/>\n<meta property=\"article:modified_time\" content=\"2022-12-28T11:13:57+00:00\" \/>\n<meta property=\"og:image\" content=\"https:\/\/www.garage-du-faubourg.fr\/blog\/wp-content\/uploads\/2022\/12\/c-joyful-heFTscwGDCA-unsplash-684x1024.jpg\" \/>\n<meta name=\"author\" content=\"Jordan\" \/>\n<meta name=\"twitter:card\" content=\"summary_large_image\" \/>\n<meta name=\"twitter:label1\" content=\"\u00c9crit par\" \/>\n\t<meta name=\"twitter:data1\" content=\"Jordan\" \/>\n\t<meta name=\"twitter:label2\" content=\"Dur\u00e9e de lecture estim\u00e9e\" \/>\n\t<meta name=\"twitter:data2\" content=\"4 minutes\" \/>\n<script type=\"application\/ld+json\" class=\"yoast-schema-graph\">{\"@context\":\"https:\/\/schema.org\",\"@graph\":[{\"@type\":\"WebPage\",\"@id\":\"https:\/\/www.garage-du-faubourg.fr\/blog\/la-valise-de-diagnostic\/\",\"url\":\"https:\/\/www.garage-du-faubourg.fr\/blog\/la-valise-de-diagnostic\/\",\"name\":\"La valise de diagnostic - Garage du Faubourg - Le blog\",\"isPartOf\":{\"@id\":\"https:\/\/www.garage-du-faubourg.fr\/blog\/#website\"},\"datePublished\":\"2022-12-28T11:13:56+00:00\",\"dateModified\":\"2022-12-28T11:13:57+00:00\",\"author\":{\"@id\":\"https:\/\/www.garage-du-faubourg.fr\/blog\/#\/schema\/person\/ee13d58c166c4d889bcb00a34d3b8287\"},\"breadcrumb\":{\"@id\":\"https:\/\/www.garage-du-faubourg.fr\/blog\/la-valise-de-diagnostic\/#breadcrumb\"},\"inLanguage\":\"fr-FR\",\"potentialAction\":[{\"@type\":\"ReadAction\",\"target\":[\"https:\/\/www.garage-du-faubourg.fr\/blog\/la-valise-de-diagnostic\/\"]}]},{\"@type\":\"BreadcrumbList\",\"@id\":\"https:\/\/www.garage-du-faubourg.fr\/blog\/la-valise-de-diagnostic\/#breadcrumb\",\"itemListElement\":[{\"@type\":\"ListItem\",\"position\":1,\"name\":\"Accueil\",\"item\":\"https:\/\/www.garage-du-faubourg.fr\/blog\/\"},{\"@type\":\"ListItem\",\"position\":2,\"name\":\"La valise de diagnostic\"}]},{\"@type\":\"WebSite\",\"@id\":\"https:\/\/www.garage-du-faubourg.fr\/blog\/#website\",\"url\":\"https:\/\/www.garage-du-faubourg.fr\/blog\/\",\"name\":\"Garage du Faubourg - Le blog\",\"description\":\"Vos r\u00e9parations au meilleur prix !\",\"potentialAction\":[{\"@type\":\"SearchAction\",\"target\":{\"@type\":\"EntryPoint\",\"urlTemplate\":\"https:\/\/www.garage-du-faubourg.fr\/blog\/?s={search_term_string}\"},\"query-input\":\"required name=search_term_string\"}],\"inLanguage\":\"fr-FR\"},{\"@type\":\"Person\",\"@id\":\"https:\/\/www.garage-du-faubourg.fr\/blog\/#\/schema\/person\/ee13d58c166c4d889bcb00a34d3b8287\",\"name\":\"Jordan\",\"image\":{\"@type\":\"ImageObject\",\"inLanguage\":\"fr-FR\",\"@id\":\"https:\/\/www.garage-du-faubourg.fr\/blog\/#\/schema\/person\/image\/\",\"url\":\"https:\/\/secure.gravatar.com\/avatar\/2467b3a0ac2a03383250636b05c917e0733558841f882c9a58e7b199ac69d370?s=96&d=mm&r=g\",\"contentUrl\":\"https:\/\/secure.gravatar.com\/avatar\/2467b3a0ac2a03383250636b05c917e0733558841f882c9a58e7b199ac69d370?s=96&d=mm&r=g\",\"caption\":\"Jordan\"},\"url\":\"https:\/\/www.garage-du-faubourg.fr\/blog\/author\/jordan\/\"}]}<\/script>\n<!-- \/ Yoast SEO Premium plugin. -->","yoast_head_json":{"title":"La valise de diagnostic - Garage du Faubourg - Le blog","robots":{"index":"index","follow":"follow","max-snippet":"max-snippet:-1","max-image-preview":"max-image-preview:large","max-video-preview":"max-video-preview:-1"},"canonical":"https:\/\/www.garage-du-faubourg.fr\/blog\/la-valise-de-diagnostic\/","og_locale":"fr_FR","og_type":"article","og_title":"La valise de diagnostic","og_description":"La valise de diagnostic permet g\u00e9n\u00e9ralement de d\u00e9tecter des probl\u00e8mes \u00e9lectroniques sur votre v\u00e9hicule lors de l\u2019entretien ou la r\u00e9paration de celui-ci. Vous pouvez \u00e9galement l\u2019utiliser afin de reprogrammer le moteur de votre v\u00e9hicule ou bien pour contr\u00f4ler que votre v\u00e9hicule n\u2019a pas de soucis particulier. Quand utilise t-on une valise de diagnostic&nbsp;? De plus&hellip; Poursuivre la lecture La valise de diagnostic","og_url":"https:\/\/www.garage-du-faubourg.fr\/blog\/la-valise-de-diagnostic\/","og_site_name":"Garage du Faubourg - Le blog","article_published_time":"2022-12-28T11:13:56+00:00","article_modified_time":"2022-12-28T11:13:57+00:00","og_image":[{"url":"https:\/\/www.garage-du-faubourg.fr\/blog\/wp-content\/uploads\/2022\/12\/c-joyful-heFTscwGDCA-unsplash-684x1024.jpg"}],"author":"Jordan","twitter_card":"summary_large_image","twitter_misc":{"\u00c9crit par":"Jordan","Dur\u00e9e de lecture estim\u00e9e":"4 minutes"},"schema":{"@context":"https:\/\/schema.org","@graph":[{"@type":"WebPage","@id":"https:\/\/www.garage-du-faubourg.fr\/blog\/la-valise-de-diagnostic\/","url":"https:\/\/www.garage-du-faubourg.fr\/blog\/la-valise-de-diagnostic\/","name":"La valise de diagnostic - Garage du Faubourg - Le blog","isPartOf":{"@id":"https:\/\/www.garage-du-faubourg.fr\/blog\/#website"},"datePublished":"2022-12-28T11:13:56+00:00","dateModified":"2022-12-28T11:13:57+00:00","author":{"@id":"https:\/\/www.garage-du-faubourg.fr\/blog\/#\/schema\/person\/ee13d58c166c4d889bcb00a34d3b8287"},"breadcrumb":{"@id":"https:\/\/www.garage-du-faubourg.fr\/blog\/la-valise-de-diagnostic\/#breadcrumb"},"inLanguage":"fr-FR","potentialAction":[{"@type":"ReadAction","target":["https:\/\/www.garage-du-faubourg.fr\/blog\/la-valise-de-diagnostic\/"]}]},{"@type":"BreadcrumbList","@id":"https:\/\/www.garage-du-faubourg.fr\/blog\/la-valise-de-diagnostic\/#breadcrumb","itemListElement":[{"@type":"ListItem","position":1,"name":"Accueil","item":"https:\/\/www.garage-du-faubourg.fr\/blog\/"},{"@type":"ListItem","position":2,"name":"La valise de diagnostic"}]},{"@type":"WebSite","@id":"https:\/\/www.garage-du-faubourg.fr\/blog\/#website","url":"https:\/\/www.garage-du-faubourg.fr\/blog\/","name":"Garage du Faubourg - Le blog","description":"Vos r\u00e9parations au meilleur prix !","potentialAction":[{"@type":"SearchAction","target":{"@type":"EntryPoint","urlTemplate":"https:\/\/www.garage-du-faubourg.fr\/blog\/?s={search_term_string}"},"query-input":"required name=search_term_string"}],"inLanguage":"fr-FR"},{"@type":"Person","@id":"https:\/\/www.garage-du-faubourg.fr\/blog\/#\/schema\/person\/ee13d58c166c4d889bcb00a34d3b8287","name":"Jordan","image":{"@type":"ImageObject","inLanguage":"fr-FR","@id":"https:\/\/www.garage-du-faubourg.fr\/blog\/#\/schema\/person\/image\/","url":"https:\/\/secure.gravatar.com\/avatar\/2467b3a0ac2a03383250636b05c917e0733558841f882c9a58e7b199ac69d370?s=96&d=mm&r=g","contentUrl":"https:\/\/secure.gravatar.com\/avatar\/2467b3a0ac2a03383250636b05c917e0733558841f882c9a58e7b199ac69d370?s=96&d=mm&r=g","caption":"Jordan"},"url":"https:\/\/www.garage-du-faubourg.fr\/blog\/author\/jordan\/"}]}},"_links":{"self":[{"href":"https:\/\/www.garage-du-faubourg.fr\/blog\/wp-json\/wp\/v2\/posts\/403","targetHints":{"allow":["GET"]}}],"collection":[{"href":"https:\/\/www.garage-du-faubourg.fr\/blog\/wp-json\/wp\/v2\/posts"}],"about":[{"href":"https:\/\/www.garage-du-faubourg.fr\/blog\/wp-json\/wp\/v2\/types\/post"}],"author":[{"embeddable":true,"href":"https:\/\/www.garage-du-faubourg.fr\/blog\/wp-json\/wp\/v2\/users\/2"}],"replies":[{"embeddable":true,"href":"https:\/\/www.garage-du-faubourg.fr\/blog\/wp-json\/wp\/v2\/comments?post=403"}],"version-history":[{"count":1,"href":"https:\/\/www.garage-du-faubourg.fr\/blog\/wp-json\/wp\/v2\/posts\/403\/revisions"}],"predecessor-version":[{"id":406,"href":"https:\/\/www.garage-du-faubourg.fr\/blog\/wp-json\/wp\/v2\/posts\/403\/revisions\/406"}],"wp:attachment":[{"href":"https:\/\/www.garage-du-faubourg.fr\/blog\/wp-json\/wp\/v2\/media?parent=403"}],"wp:term":[{"taxonomy":"category","embeddable":true,"href":"https:\/\/www.garage-du-faubourg.fr\/blog\/wp-json\/wp\/v2\/categories?post=403"},{"taxonomy":"post_tag","embeddable":true,"href":"https:\/\/www.garage-du-faubourg.fr\/blog\/wp-json\/wp\/v2\/tags?post=403"}],"curies":[{"name":"wp","href":"https:\/\/api.w.org\/{rel}","templated":true}]}}